{"id":265,"date":"1982-02-21T14:36:53","date_gmt":"1982-02-21T13:36:53","guid":{"rendered":"http:\/\/renatocentonze.it\/?p=265"},"modified":"2017-04-06T08:09:31","modified_gmt":"2017-04-06T06:09:31","slug":"renato-centonze-in-mostra-al-sedile-di-lecce","status":"publish","type":"post","link":"https:\/\/renatocentonze.it\/index.php\/1982\/02\/21\/renato-centonze-in-mostra-al-sedile-di-lecce\/","title":{"rendered":"Renato Centonze. In mostra al Sedile di Lecce"},"content":{"rendered":"<p><img loading=\"lazy\" decoding=\"async\" class=\"alignleft wp-image-764 size-medium\" src=\"http:\/\/renatocentonze.it\/wp-content\/uploads\/2016\/05\/IMG_9724-204x300.jpg\" alt=\"IMG_9724\" width=\"204\" height=\"300\" srcset=\"https:\/\/renatocentonze.it\/wp-content\/uploads\/2016\/05\/IMG_9724-204x300.jpg 204w, https:\/\/renatocentonze.it\/wp-content\/uploads\/2016\/05\/IMG_9724-768x1132.jpg 768w, https:\/\/renatocentonze.it\/wp-content\/uploads\/2016\/05\/IMG_9724-695x1024.jpg 695w, https:\/\/renatocentonze.it\/wp-content\/uploads\/2016\/05\/IMG_9724-102x150.jpg 102w, https:\/\/renatocentonze.it\/wp-content\/uploads\/2016\/05\/IMG_9724.jpg 1938w\" sizes=\"auto, (max-width: 204px) 100vw, 204px\" \/>Galleria &#8220;Il Sedile&#8221; Lecce, 21-28 Febbraio 1982<\/p>\n<p>Anche se pu\u00f2 apparire non del tutto in linea con una certa procedura &#8211; pur se bisogna poi verificare fino a che punto tutto ci\u00f2 \u00e8 vero -, mi piace far partire il discorso su questa mostra di Renato Centonze da un&#8217;altra precedente, fatta nello stesso posto e quindi nello stesso periodo ma a distanza di due anni.<\/p>\n<p>Nella rapidit\u00e0 di un&#8217;annotazione, ritenni giusto, allora, evidenziare due concetti fondamentali: e cio\u00e8 la partenza di un certo percorso e il procedimento ad innesco da cui muoversi. E bisogna dire, che quanto si avvertiva in quelle opere, oggi \u00e8 divenuto realt\u00e0, secondo un&#8217;evoluzione sempre in corso, che prelude, a mio giudizio, al raggiungimento di pi\u00f9 consistenti risultati proprio nel momento in cui la presa di coscienza della <em>libert\u00e0 operativa<\/em>, e la messa da parte di condizionamenti figurati, (talvolta ancora percepibili), saranno divenute pressocch\u00e9 contemporanee e quindi essenziali.<!--more--><\/p>\n<p>Centonze, infatti, continua a dimostrare il suo <em>mestiere<\/em> di pittore, costruendo <em>scampoli di immagini <\/em>a lettura aperta, seguendo il gioco dell&#8217;illusione e dell&#8217;allusione in un&#8217;evocazione suggestiva a cui il segno si conf\u00e0 solo in parte, e cio\u00e8 per quella componente che si concretizza nei meccanismi indotti e non nella leggibilit\u00e0 riconoscibile. E tutto ci\u00f2, ben oltre i probabili condizionamenti della superficie, in un dilatarsi progressivo dal minimo al massimo, a riprova della ricchezza di quanto si vuole prospettare e proporre. \u00c8 evidente pertanto, che il discorso continua in una nuova percorribilit\u00e0 che evocando il segno, pur non dimenticando una nuvola dalle umane fattezze, se ne appropria fino alla identificazione dello stesso, con il colore e quindi con il contenuto medesimo del fare pittura. Realt\u00e0 questa da non sottovalutare.<\/p>\n<p>Toti Carpentieri<\/p>\n<p>(Quotidiano di Puglia, Mostre, febbraio 1982)<\/p>\n<p>Nell&#8217;immagine la brochure della mostra tenutasi al Sedile nel marzo 1980 e a cui fa riferimento il critico Toti Carpentieri<\/p>\n<p>&nbsp;<\/p>\n","protected":false},"excerpt":{"rendered":"<p>Galleria &#8220;Il Sedile&#8221; Lecce, 21-28 Febbraio 1982 Anche se pu\u00f2 apparire non del tutto in linea con una certa procedura &#8211; pur se bisogna poi verificare fino a che punto tutto ci\u00f2 \u00e8 vero -, mi piace far partire il discorso su questa mostra di Renato Centonze da un&#8217;altra precedente,\u2026<\/p>\n<p class=\"continue-reading-button\"> <a class=\"continue-reading-link\" href=\"https:\/\/renatocentonze.it\/index.php\/1982\/02\/21\/renato-centonze-in-mostra-al-sedile-di-lecce\/\">Continue reading<i class=\"crycon-right-dir\"><\/i><\/a><\/p>\n","protected":false},"author":1,"featured_media":0,"comment_status":"open","ping_status":"open","sticky":false,"template":"","format":"standard","meta":{"footnotes":""},"categories":[6,15,55],"tags":[],"class_list":["post-265","post","type-post","status-publish","format-standard","hentry","category-antologia-critica","category-media","category-rassegna-stampa"],"yoast_head":"<!-- This site is optimized with the Yoast SEO plugin v18.2 - https:\/\/yoast.com\/wordpress\/plugins\/seo\/ -->\n<title>Renato Centonze. In mostra al Sedile di Lecce - Renato Centonze<\/title>\n<meta name=\"robots\" content=\"index, follow, max-snippet:-1, max-image-preview:large, max-video-preview:-1\" \/>\n<link rel=\"canonical\" href=\"https:\/\/renatocentonze.it\/index.php\/1982\/02\/21\/renato-centonze-in-mostra-al-sedile-di-lecce\/\" \/>\n<meta property=\"og:locale\" content=\"it_IT\" \/>\n<meta property=\"og:type\" content=\"article\" \/>\n<meta property=\"og:title\" content=\"Renato Centonze. In mostra al Sedile di Lecce - Renato Centonze\" \/>\n<meta property=\"og:description\" content=\"Galleria &#8220;Il Sedile&#8221; Lecce, 21-28 Febbraio 1982 Anche se pu\u00f2 apparire non del tutto in linea con una certa procedura &#8211; pur se bisogna poi verificare fino a che punto tutto ci\u00f2 \u00e8 vero -, mi piace far partire il discorso su questa mostra di Renato Centonze da un&#8217;altra precedente,\u2026 Continue reading\" \/>\n<meta property=\"og:url\" content=\"https:\/\/renatocentonze.it\/index.php\/1982\/02\/21\/renato-centonze-in-mostra-al-sedile-di-lecce\/\" \/>\n<meta property=\"og:site_name\" content=\"Renato Centonze\" \/>\n<meta property=\"article:published_time\" content=\"1982-02-21T13:36:53+00:00\" \/>\n<meta property=\"article:modified_time\" content=\"2017-04-06T06:09:31+00:00\" \/>\n<meta property=\"og:image\" content=\"http:\/\/renatocentonze.it\/wp-content\/uploads\/2016\/05\/IMG_9724-204x300.jpg\" \/>\n<meta name=\"twitter:card\" content=\"summary\" \/>\n<meta name=\"twitter:label1\" content=\"Scritto da\" \/>\n\t<meta name=\"twitter:data1\" content=\"Staff\" \/>\n\t<meta name=\"twitter:label2\" content=\"Tempo di lettura stimato\" \/>\n\t<meta name=\"twitter:data2\" content=\"2 minuti\" \/>\n<script type=\"application\/ld+json\" class=\"yoast-schema-graph\">{\"@context\":\"https:\/\/schema.org\",\"@graph\":[{\"@type\":\"WebSite\",\"@id\":\"https:\/\/renatocentonze.it\/#website\",\"url\":\"https:\/\/renatocentonze.it\/\",\"name\":\"Renato Centonze\",\"description\":\"nell&#039;arte il fluire della vita\",\"potentialAction\":[{\"@type\":\"SearchAction\",\"target\":{\"@type\":\"EntryPoint\",\"urlTemplate\":\"https:\/\/renatocentonze.it\/?s={search_term_string}\"},\"query-input\":\"required name=search_term_string\"}],\"inLanguage\":\"it-IT\"},{\"@type\":\"ImageObject\",\"@id\":\"https:\/\/renatocentonze.it\/index.php\/1982\/02\/21\/renato-centonze-in-mostra-al-sedile-di-lecce\/#primaryimage\",\"inLanguage\":\"it-IT\",\"url\":\"http:\/\/renatocentonze.it\/wp-content\/uploads\/2016\/05\/IMG_9724-204x300.jpg\",\"contentUrl\":\"http:\/\/renatocentonze.it\/wp-content\/uploads\/2016\/05\/IMG_9724-204x300.jpg\"},{\"@type\":\"WebPage\",\"@id\":\"https:\/\/renatocentonze.it\/index.php\/1982\/02\/21\/renato-centonze-in-mostra-al-sedile-di-lecce\/#webpage\",\"url\":\"https:\/\/renatocentonze.it\/index.php\/1982\/02\/21\/renato-centonze-in-mostra-al-sedile-di-lecce\/\",\"name\":\"Renato Centonze. In mostra al Sedile di Lecce - Renato Centonze\",\"isPartOf\":{\"@id\":\"https:\/\/renatocentonze.it\/#website\"},\"primaryImageOfPage\":{\"@id\":\"https:\/\/renatocentonze.it\/index.php\/1982\/02\/21\/renato-centonze-in-mostra-al-sedile-di-lecce\/#primaryimage\"},\"datePublished\":\"1982-02-21T13:36:53+00:00\",\"dateModified\":\"2017-04-06T06:09:31+00:00\",\"author\":{\"@id\":\"https:\/\/renatocentonze.it\/#\/schema\/person\/31d73da0fd7b722de4e8e976bb7fc239\"},\"breadcrumb\":{\"@id\":\"https:\/\/renatocentonze.it\/index.php\/1982\/02\/21\/renato-centonze-in-mostra-al-sedile-di-lecce\/#breadcrumb\"},\"inLanguage\":\"it-IT\",\"potentialAction\":[{\"@type\":\"ReadAction\",\"target\":[\"https:\/\/renatocentonze.it\/index.php\/1982\/02\/21\/renato-centonze-in-mostra-al-sedile-di-lecce\/\"]}]},{\"@type\":\"BreadcrumbList\",\"@id\":\"https:\/\/renatocentonze.it\/index.php\/1982\/02\/21\/renato-centonze-in-mostra-al-sedile-di-lecce\/#breadcrumb\",\"itemListElement\":[{\"@type\":\"ListItem\",\"position\":1,\"name\":\"Home\",\"item\":\"https:\/\/renatocentonze.it\/\"},{\"@type\":\"ListItem\",\"position\":2,\"name\":\"Renato Centonze. In mostra al Sedile di Lecce\"}]},{\"@type\":\"Person\",\"@id\":\"https:\/\/renatocentonze.it\/#\/schema\/person\/31d73da0fd7b722de4e8e976bb7fc239\",\"name\":\"Staff\",\"image\":{\"@type\":\"ImageObject\",\"@id\":\"https:\/\/renatocentonze.it\/#personlogo\",\"inLanguage\":\"it-IT\",\"url\":\"https:\/\/secure.gravatar.com\/avatar\/f25a31e93917daef81280842afbece0b174efbe313f400766c26087fe0136a89?s=96&d=mm&r=g\",\"contentUrl\":\"https:\/\/secure.gravatar.com\/avatar\/f25a31e93917daef81280842afbece0b174efbe313f400766c26087fe0136a89?s=96&d=mm&r=g\",\"caption\":\"Staff\"},\"url\":\"https:\/\/renatocentonze.it\/index.php\/author\/floris\/\"}]}<\/script>\n<!-- \/ Yoast SEO plugin. -->","yoast_head_json":{"title":"Renato Centonze. In mostra al Sedile di Lecce - Renato Centonze","robots":{"index":"index","follow":"follow","max-snippet":"max-snippet:-1","max-image-preview":"max-image-preview:large","max-video-preview":"max-video-preview:-1"},"canonical":"https:\/\/renatocentonze.it\/index.php\/1982\/02\/21\/renato-centonze-in-mostra-al-sedile-di-lecce\/","og_locale":"it_IT","og_type":"article","og_title":"Renato Centonze. In mostra al Sedile di Lecce - Renato Centonze","og_description":"Galleria &#8220;Il Sedile&#8221; Lecce, 21-28 Febbraio 1982 Anche se pu\u00f2 apparire non del tutto in linea con una certa procedura &#8211; pur se bisogna poi verificare fino a che punto tutto ci\u00f2 \u00e8 vero -, mi piace far partire il discorso su questa mostra di Renato Centonze da un&#8217;altra precedente,\u2026 Continue reading","og_url":"https:\/\/renatocentonze.it\/index.php\/1982\/02\/21\/renato-centonze-in-mostra-al-sedile-di-lecce\/","og_site_name":"Renato Centonze","article_published_time":"1982-02-21T13:36:53+00:00","article_modified_time":"2017-04-06T06:09:31+00:00","og_image":[{"url":"http:\/\/renatocentonze.it\/wp-content\/uploads\/2016\/05\/IMG_9724-204x300.jpg"}],"twitter_card":"summary","twitter_misc":{"Scritto da":"Staff","Tempo di lettura stimato":"2 minuti"},"schema":{"@context":"https:\/\/schema.org","@graph":[{"@type":"WebSite","@id":"https:\/\/renatocentonze.it\/#website","url":"https:\/\/renatocentonze.it\/","name":"Renato Centonze","description":"nell&#039;arte il fluire della vita","potentialAction":[{"@type":"SearchAction","target":{"@type":"EntryPoint","urlTemplate":"https:\/\/renatocentonze.it\/?s={search_term_string}"},"query-input":"required name=search_term_string"}],"inLanguage":"it-IT"},{"@type":"ImageObject","@id":"https:\/\/renatocentonze.it\/index.php\/1982\/02\/21\/renato-centonze-in-mostra-al-sedile-di-lecce\/#primaryimage","inLanguage":"it-IT","url":"http:\/\/renatocentonze.it\/wp-content\/uploads\/2016\/05\/IMG_9724-204x300.jpg","contentUrl":"http:\/\/renatocentonze.it\/wp-content\/uploads\/2016\/05\/IMG_9724-204x300.jpg"},{"@type":"WebPage","@id":"https:\/\/renatocentonze.it\/index.php\/1982\/02\/21\/renato-centonze-in-mostra-al-sedile-di-lecce\/#webpage","url":"https:\/\/renatocentonze.it\/index.php\/1982\/02\/21\/renato-centonze-in-mostra-al-sedile-di-lecce\/","name":"Renato Centonze. In mostra al Sedile di Lecce - Renato Centonze","isPartOf":{"@id":"https:\/\/renatocentonze.it\/#website"},"primaryImageOfPage":{"@id":"https:\/\/renatocentonze.it\/index.php\/1982\/02\/21\/renato-centonze-in-mostra-al-sedile-di-lecce\/#primaryimage"},"datePublished":"1982-02-21T13:36:53+00:00","dateModified":"2017-04-06T06:09:31+00:00","author":{"@id":"https:\/\/renatocentonze.it\/#\/schema\/person\/31d73da0fd7b722de4e8e976bb7fc239"},"breadcrumb":{"@id":"https:\/\/renatocentonze.it\/index.php\/1982\/02\/21\/renato-centonze-in-mostra-al-sedile-di-lecce\/#breadcrumb"},"inLanguage":"it-IT","potentialAction":[{"@type":"ReadAction","target":["https:\/\/renatocentonze.it\/index.php\/1982\/02\/21\/renato-centonze-in-mostra-al-sedile-di-lecce\/"]}]},{"@type":"BreadcrumbList","@id":"https:\/\/renatocentonze.it\/index.php\/1982\/02\/21\/renato-centonze-in-mostra-al-sedile-di-lecce\/#breadcrumb","itemListElement":[{"@type":"ListItem","position":1,"name":"Home","item":"https:\/\/renatocentonze.it\/"},{"@type":"ListItem","position":2,"name":"Renato Centonze. In mostra al Sedile di Lecce"}]},{"@type":"Person","@id":"https:\/\/renatocentonze.it\/#\/schema\/person\/31d73da0fd7b722de4e8e976bb7fc239","name":"Staff","image":{"@type":"ImageObject","@id":"https:\/\/renatocentonze.it\/#personlogo","inLanguage":"it-IT","url":"https:\/\/secure.gravatar.com\/avatar\/f25a31e93917daef81280842afbece0b174efbe313f400766c26087fe0136a89?s=96&d=mm&r=g","contentUrl":"https:\/\/secure.gravatar.com\/avatar\/f25a31e93917daef81280842afbece0b174efbe313f400766c26087fe0136a89?s=96&d=mm&r=g","caption":"Staff"},"url":"https:\/\/renatocentonze.it\/index.php\/author\/floris\/"}]}},"_links":{"self":[{"href":"https:\/\/renatocentonze.it\/index.php\/wp-json\/wp\/v2\/posts\/265","targetHints":{"allow":["GET"]}}],"collection":[{"href":"https:\/\/renatocentonze.it\/index.php\/wp-json\/wp\/v2\/posts"}],"about":[{"href":"https:\/\/renatocentonze.it\/index.php\/wp-json\/wp\/v2\/types\/post"}],"author":[{"embeddable":true,"href":"https:\/\/renatocentonze.it\/index.php\/wp-json\/wp\/v2\/users\/1"}],"replies":[{"embeddable":true,"href":"https:\/\/renatocentonze.it\/index.php\/wp-json\/wp\/v2\/comments?post=265"}],"version-history":[{"count":4,"href":"https:\/\/renatocentonze.it\/index.php\/wp-json\/wp\/v2\/posts\/265\/revisions"}],"predecessor-version":[{"id":765,"href":"https:\/\/renatocentonze.it\/index.php\/wp-json\/wp\/v2\/posts\/265\/revisions\/765"}],"wp:attachment":[{"href":"https:\/\/renatocentonze.it\/index.php\/wp-json\/wp\/v2\/media?parent=265"}],"wp:term":[{"taxonomy":"category","embeddable":true,"href":"https:\/\/renatocentonze.it\/index.php\/wp-json\/wp\/v2\/categories?post=265"},{"taxonomy":"post_tag","embeddable":true,"href":"https:\/\/renatocentonze.it\/index.php\/wp-json\/wp\/v2\/tags?post=265"}],"curies":[{"name":"wp","href":"https:\/\/api.w.org\/{rel}","templated":true}]}}